{"id":5650,"date":"2025-05-22T14:46:56","date_gmt":"2025-05-22T14:46:56","guid":{"rendered":"https:\/\/grupocunado.com\/?p=5650"},"modified":"2025-05-22T14:46:56","modified_gmt":"2025-05-22T14:46:56","slug":"grupo-cunado-attended-the-vi-international-forum-organised-by-expansion","status":"publish","type":"post","link":"https:\/\/grupocunado.com\/en\/grupo-cunado-attended-the-vi-international-forum-organised-by-expansion","title":{"rendered":"Grupo Cu\u00f1ado attended the VI International Forum organised by Expansi\u00f3n"},"content":{"rendered":"<p>Grupo Cu\u00f1ado attended the VI International Forum organised by Expansi\u00f3n, which was held on 21 and 22 May at the Parador de Alcal\u00e1 de Henares. This meeting brings together business, institutional and academic leaders to address the major challenges of the global economy, sustainability and innovation.<\/p>\n<p>During this event, crucial issues such as artificial intelligence, energy transition and business competitiveness will be addressed. The participation of leading national and international figures underlines the relevance of this event as a space for reflection and collaboration.<\/p>\n<p>For Grupo Cu\u00f1ado, it is an honour to be present at this forum, reaffirming the commitment to innovation, excellence and the strengthening of strategic alliances that contribute to sustainable progress.<\/p>\n","protected":false},"excerpt":{"rendered":"<p>Grupo Cu\u00f1ado attended the VI International Forum organised by Expansi\u00f3n, which was held on 21 and 22 May at the Parador de Alcal\u00e1 de Henares. This meeting brings together business,<\/br> <a href=\"https:\/\/grupocunado.com\/en\/grupo-cunado-attended-the-vi-international-forum-organised-by-expansion\">+ Read more<\/a><\/p>\n","protected":false},"author":4,"featured_media":5651,"comment_status":"closed","ping_status":"closed","sticky":false,"template":"","format":"standard","meta":[],"categories":[22],"tags":[],"_links":{"self":[{"href":"https:\/\/grupocunado.com\/en\/wp-json\/wp\/v2\/posts\/5650"}],"collection":[{"href":"https:\/\/grupocunado.com\/en\/wp-json\/wp\/v2\/posts"}],"about":[{"href":"https:\/\/grupocunado.com\/en\/wp-json\/wp\/v2\/types\/post"}],"author":[{"embeddable":true,"href":"https:\/\/grupocunado.com\/en\/wp-json\/wp\/v2\/users\/4"}],"replies":[{"embeddable":true,"href":"https:\/\/grupocunado.com\/en\/wp-json\/wp\/v2\/comments?post=5650"}],"version-history":[{"count":1,"href":"https:\/\/grupocunado.com\/en\/wp-json\/wp\/v2\/posts\/5650\/revisions"}],"predecessor-version":[{"id":5653,"href":"https:\/\/grupocunado.com\/en\/wp-json\/wp\/v2\/posts\/5650\/revisions\/5653"}],"wp:featuredmedia":[{"embeddable":true,"href":"https:\/\/grupocunado.com\/en\/wp-json\/wp\/v2\/media\/5651"}],"wp:attachment":[{"href":"https:\/\/grupocunado.com\/en\/wp-json\/wp\/v2\/media?parent=5650"}],"wp:term":[{"taxonomy":"category","embeddable":true,"href":"https:\/\/grupocunado.com\/en\/wp-json\/wp\/v2\/categories?post=5650"},{"taxonomy":"post_tag","embeddable":true,"href":"https:\/\/grupocunado.com\/en\/wp-json\/wp\/v2\/tags?post=5650"}],"curies":[{"name":"wp","href":"https:\/\/api.w.org\/{rel}","templated":true}]}}